{"id":1,"date":"2024-02-19T23:35:26","date_gmt":"2024-02-20T04:35:26","guid":{"rendered":"https:\/\/cafe.midriasis.com\/?p=1"},"modified":"2024-02-19T23:57:38","modified_gmt":"2024-02-20T04:57:38","slug":"hello-world","status":"publish","type":"post","link":"https:\/\/cafe.midriasis.com\/index.php\/2024\/02\/19\/hello-world\/","title":{"rendered":"Las gafas Ochis son ecol\u00f3gicas, tienen aroma a caf\u00e9, y est\u00e1n elaboradas de forma sostenible."},"content":{"rendered":"<p>En un mundo que debe dirigirse hacia la sostenibilidad a marchas forzadas, <a href=\"https:\/\/ochis.co\/pages\/about-ochis\" target=\"_blank\" rel=\"noreferrer noopener\">Ochis Coffee<\/a> est\u00e1 a la vanguardia con sus gafas de sol reci\u00e9n estrenadas hechas de caf\u00e9 natural y lino. A diferencia de las monturas de pl\u00e1stico convencionales,&nbsp;<strong>estas gafas con aroma a caf\u00e9 son biodegradables<\/strong>&nbsp;\u2013 seg\u00fan sus fabricantes, estas gafas de sol&nbsp;<strong>se descomponen 100 veces m\u00e1s r\u00e1pido que las gafas tradicionales<\/strong>&nbsp;y se convierten en un fertilizante natural para las plantas.<\/p><p>Lo mejor para muchos es levantarse por la ma\u00f1ana con olor a caf\u00e9, lo que hace que el sutil aroma a caf\u00e9 de estas gafas de sol sea una buen noticia para ellos. Estas elegantes gafas se pueden adaptar a cualquier lente graduada, o puedes elegir una de las cuatro opciones de colores UV que ellos ofrecen. Con un dise\u00f1o innovador, las patillas se flexionan para adaptarse c\u00f3modamente a todas las formas de rostro, y las puntas se pueden doblar para mejorar a\u00fan m\u00e1s su ajuste.<\/p><figure class=\"wp-block-gallery has-nested-images columns-default is-cropped wp-block-gallery-1 is-layout-flex wp-block-gallery-is-layout-flex\"><figure class=\"wp-block-image size-large\"><img loading=\"lazy\" decoding=\"async\" width=\"540\" height=\"675\" data-id=\"4491\" src=\"https:\/\/cafe.midriasis.com\/wp-content\/uploads\/2024\/02\/Dayla-Syla1-min-edt-tiny_540x.webp\" alt=\"\" class=\"wp-image-4491\" srcset=\"https:\/\/cafe.midriasis.com\/wp-content\/uploads\/2024\/02\/Dayla-Syla1-min-edt-tiny_540x.webp 540w, https:\/\/cafe.midriasis.com\/wp-content\/uploads\/2024\/02\/Dayla-Syla1-min-edt-tiny_540x-240x300.webp 240w\" sizes=\"(max-width: 540px) 100vw, 540px\" \/><\/figure>\n\n<figure class=\"wp-block-image size-large\"><img loading=\"lazy\" decoding=\"async\" width=\"540\" height=\"675\" data-id=\"4492\" src=\"https:\/\/cafe.midriasis.com\/wp-content\/uploads\/2024\/02\/Dayla-Syla2_540x.webp\" alt=\"\" class=\"wp-image-4492\" srcset=\"https:\/\/cafe.midriasis.com\/wp-content\/uploads\/2024\/02\/Dayla-Syla2_540x.webp 540w, https:\/\/cafe.midriasis.com\/wp-content\/uploads\/2024\/02\/Dayla-Syla2_540x-240x300.webp 240w\" sizes=\"(max-width: 540px) 100vw, 540px\" \/><\/figure><\/figure><p>El cerebro detr\u00e1s de estas gafas de sol ecol\u00f3gicas es Max Gavrilenko, quien el oficio le viene de ni\u00f1o ya que su padre trabajaba en una \u00f3ptica. Sin embargo, Gavrilenko quer\u00eda hacer las cosas de otra manera, y despu\u00e9s de una larga investigaci\u00f3n, est\u00e1 a punto de lanzar una campa\u00f1a Kickstarter para financiar los primeros cinco modelos sostenibles de estas gafas de sol org\u00e1nicas.<\/p><p>Ochis Coffee no es el primero en dise\u00f1ar gafas de sol sostenibles. Sin embargo, mientras que la mayor\u00eda de las dem\u00e1s empresas tienden a centrarse en los productos de bamb\u00fa o madera&nbsp;para las monturas, Gavrilenko y su equipo han desarrollado un proceso que elimina todo el petr\u00f3leo, eligiendo en su lugar un biopol\u00edmero hecho de caf\u00e9 (posos de caf\u00e9 comprimidos), lino y un pegamento natural hecho con aceite de soja. Si te gusta trabajar en el huerto o en el jard\u00edn, sabes que el caf\u00e9 es bueno para la tierra \u2013 estos marcos se descomponen naturalmente al final del ciclo de vida,&nbsp;<strong>tardando unos 10 a\u00f1os en descomponerse y convertirse en&nbsp;<\/strong>fertilizante.<\/p><figure class=\"wp-block-gallery has-nested-images columns-default is-cropped wp-block-gallery-2 is-layout-flex wp-block-gallery-is-layout-flex\"><figure class=\"wp-block-image size-large\"><img loading=\"lazy\" decoding=\"async\" width=\"540\" height=\"338\" data-id=\"4514\" src=\"https:\/\/cafe.midriasis.com\/wp-content\/uploads\/2024\/02\/Anderson-Volya1_540x-edited.webp\" alt=\"\" class=\"wp-image-4514\" srcset=\"https:\/\/cafe.midriasis.com\/wp-content\/uploads\/2024\/02\/Anderson-Volya1_540x-edited.webp 540w, https:\/\/cafe.midriasis.com\/wp-content\/uploads\/2024\/02\/Anderson-Volya1_540x-edited-300x188.webp 300w\" sizes=\"(max-width: 540px) 100vw, 540px\" \/><\/figure><\/figure><p><\/p>    <!-- sktbuilder starter --><script type=\"text\/javascript\" src=\"https:\/\/cafe.midriasis.com\/wp-content\/plugins\/skt-builder\/sktbuilder\/sktbuilder-frontend-starter.js\"><\/script><script type=\"text\/javascript\" src=\"https:\/\/cafe.midriasis.com\/wp-content\/plugins\/skt-builder\/sktbuilder-wordpress-driver.js\"><\/script><script type=\"text\/javascript\"> var starter = new SktbuilderStarter({\"mode\": \"prod\", \"skip\":[\"jquery\",\"underscore\",\"backbone\"],\"sktbuilderUrl\": \"https:\/\/cafe.midriasis.com\/wp-content\/plugins\/skt-builder\/sktbuilder\/\", \"driver\": new SktbuilderWordpressDriver({\"ajaxUrl\": \"https:\/\/cafe.midriasis.com\/wp-admin\/admin-ajax.php\", \"iframeUrl\": \"https:\/\/cafe.midriasis.com\/index.php\/2024\/02\/19\/hello-world\/?sktbuilder=true\", \"pageId\": 1, \"pages\": [{\"title\":\"Nuestra historia\",\"url\":\"https:\\\/\\\/cafe.midriasis.com\\\/wp-admin\\\/post.php?post=285&action=sktbuilder\"},{\"title\":\"Servicios\",\"url\":\"https:\\\/\\\/cafe.midriasis.com\\\/wp-admin\\\/post.php?post=1749&action=sktbuilder\"},{\"title\":\"Home\",\"url\":\"https:\\\/\\\/cafe.midriasis.com\\\/wp-admin\\\/post.php?post=4363&action=sktbuilder\"}], \"page\": \"Las gafas Ochis son ecol\u00f3gicas, tienen aroma a caf\u00e9, y est\u00e1n elaboradas de forma sostenible.\" }) });<\/script><!-- end sktbuilder starter -->","protected":false},"excerpt":{"rendered":"<p>Las gafas Ochis son ecol\u00f3gicas, tienen aroma a caf\u00e9, y est\u00e1n elaboradas de forma sostenible.<\/p>\n","protected":false},"author":1,"featured_media":4493,"comment_status":"open","ping_status":"open","sticky":false,"template":"","format":"standard","meta":{"footnotes":""},"categories":[26,27,28,30],"tags":[34,31,33,32],"class_list":["post-1","post","type-post","status-publish","format-standard","has-post-thumbnail","hentry","category-actualidad","category-cafe","category-noticias","category-sostenibilidad","tag-actualidad","tag-cafe","tag-moda","tag-noticias"],"_links":{"self":[{"href":"https:\/\/cafe.midriasis.com\/index.php\/wp-json\/wp\/v2\/posts\/1"}],"collection":[{"href":"https:\/\/cafe.midriasis.com\/index.php\/wp-json\/wp\/v2\/posts"}],"about":[{"href":"https:\/\/cafe.midriasis.com\/index.php\/wp-json\/wp\/v2\/types\/post"}],"author":[{"embeddable":true,"href":"https:\/\/cafe.midriasis.com\/index.php\/wp-json\/wp\/v2\/users\/1"}],"replies":[{"embeddable":true,"href":"https:\/\/cafe.midriasis.com\/index.php\/wp-json\/wp\/v2\/comments?post=1"}],"version-history":[{"count":5,"href":"https:\/\/cafe.midriasis.com\/index.php\/wp-json\/wp\/v2\/posts\/1\/revisions"}],"predecessor-version":[{"id":4518,"href":"https:\/\/cafe.midriasis.com\/index.php\/wp-json\/wp\/v2\/posts\/1\/revisions\/4518"}],"wp:featuredmedia":[{"embeddable":true,"href":"https:\/\/cafe.midriasis.com\/index.php\/wp-json\/wp\/v2\/media\/4493"}],"wp:attachment":[{"href":"https:\/\/cafe.midriasis.com\/index.php\/wp-json\/wp\/v2\/media?parent=1"}],"wp:term":[{"taxonomy":"category","embeddable":true,"href":"https:\/\/cafe.midriasis.com\/index.php\/wp-json\/wp\/v2\/categories?post=1"},{"taxonomy":"post_tag","embeddable":true,"href":"https:\/\/cafe.midriasis.com\/index.php\/wp-json\/wp\/v2\/tags?post=1"}],"curies":[{"name":"wp","href":"https:\/\/api.w.org\/{rel}","templated":true}]}}